{"id":6530,"date":"2025-01-29T12:05:41","date_gmt":"2025-01-29T11:05:41","guid":{"rendered":"https:\/\/tz-hall.de\/?p=6530"},"modified":"2025-01-29T12:05:41","modified_gmt":"2025-01-29T11:05:41","slug":"praxisworkshop-souveraen-auftreten-25-februar-2025","status":"publish","type":"post","link":"https:\/\/tz-hall.de\/index.php\/2025\/01\/29\/praxisworkshop-souveraen-auftreten-25-februar-2025\/","title":{"rendered":"Praxisworkshop &#8222;Souver\u00e4n Auftreten&#8220; 25. Februar 2025"},"content":{"rendered":"<p>Die Referentin Louisa Becker ist zertifizierte Rhetorik-und Kommunikations-Trainerin und verbindet durch ihr wissenschaftliches Studium der Allgemeinen Rhetorik das Beste aus Wissenschaft &amp; Praxis.<\/p>\n<p>Rhetorik ist mehr als ein Softskill ! \u00dcberzeugende Kommunikation und kraftvolles Auftreten sind in einer Vielzahl von Situationen gefragt: Pr\u00e4sentationen, Meetings, Gespr\u00e4che mit Kunden, Dienstleistern oder Vorgesetzten. In diesem Praxisworkshop arbeiten wir gezielt an Ihrer Wirkung.<\/p>\n<p><span style=\"color: #0000ff;\">Ablauf: <\/span><\/p>\n<ul>\n<li>Interaktive Lernatmosph\u00e4re mit vielen praktischen \u00dcbungen: Vom freien Reden bis hin zum gezielten Einsatz von K\u00f6rpersprache &amp; Stimme.<\/li>\n<li>Sensibilisierung f\u00fcr eigene kommunikative Haltungen &amp; Verhaltensweisen<\/li>\n<li>Pers\u00f6nliches Feedback inkl. wertvoller Erkenntnisse f\u00fcr die eigene Weiterentwicklung<\/li>\n<\/ul>\n<p>&nbsp;<\/p>\n<p><span style=\"color: #ff9900;\">Zielgruppe:<\/span><\/p>\n<ul>\n<li>Jeder &amp; Jede, der\/die seine\/ihre kommunikativen F\u00e4higkeiten verbessern m\u00f6chte.<\/li>\n<\/ul>\n<p>&nbsp;<\/p>\n<p><span style=\"color: #339966;\">Kosten: <\/span><\/p>\n<ul>\n<li>149 EUR pro Person zzgl. 19% MwSt. &#8211; begrenzte Anzahl von Tickets<\/li>\n<li>Anmeldelink: <a href=\"https:\/\/eveeno.com\/240152670\" target=\"_blank\" rel=\"noopener\">https:\/\/eveeno.com\/240152670<\/a><\/li>\n<\/ul>\n<p>&nbsp;<\/p>\n<p><img decoding=\"async\" class=\"alignnone wp-image-6535 size-thumbnail\" src=\"https:\/\/tz-hall.de\/wp-content\/uploads\/2025\/01\/qrcode-150x150.png\" alt=\"\" width=\"150\" height=\"150\" srcset=\"https:\/\/tz-hall.de\/wp-content\/uploads\/2025\/01\/qrcode-150x150.png 150w, https:\/\/tz-hall.de\/wp-content\/uploads\/2025\/01\/qrcode-300x300.png 300w, https:\/\/tz-hall.de\/wp-content\/uploads\/2025\/01\/qrcode.png 750w\" sizes=\"(max-width: 150px) 100vw, 150px\" \/><\/p>\n","protected":false},"excerpt":{"rendered":"<p>Die Referentin Louisa Becker ist zertifizierte Rhetorik-und Kommunikations-Trainerin und verbindet durch ihr wissenschaftliches Studium der Allgemeinen Rhetorik das Beste aus Wissenschaft &amp; Praxis. Rhetorik ist mehr als ein Softskill ! \u00dcberzeugende Kommunikation und kraftvolles Auftreten sind in einer Vielzahl von Situationen gefragt: Pr\u00e4sentationen, Meetings, Gespr\u00e4che mit Kunden, Dienstleistern oder Vorgesetzten. In diesem Praxisworkshop arbeiten wir [&hellip;]<\/p>\n","protected":false},"author":1,"featured_media":6532,"comment_status":"closed","ping_status":"open","sticky":false,"template":"","format":"standard","meta":{"footnotes":""},"categories":[1,22,28],"tags":[],"class_list":["post-6530","post","type-post","status-publish","format-standard","has-post-thumbnail","hentry","category-allgemein","category-hdw-news","category-hdw-veranstaltungen"],"_links":{"self":[{"href":"https:\/\/tz-hall.de\/index.php\/wp-json\/wp\/v2\/posts\/6530","targetHints":{"allow":["GET"]}}],"collection":[{"href":"https:\/\/tz-hall.de\/index.php\/wp-json\/wp\/v2\/posts"}],"about":[{"href":"https:\/\/tz-hall.de\/index.php\/wp-json\/wp\/v2\/types\/post"}],"author":[{"embeddable":true,"href":"https:\/\/tz-hall.de\/index.php\/wp-json\/wp\/v2\/users\/1"}],"replies":[{"embeddable":true,"href":"https:\/\/tz-hall.de\/index.php\/wp-json\/wp\/v2\/comments?post=6530"}],"version-history":[{"count":0,"href":"https:\/\/tz-hall.de\/index.php\/wp-json\/wp\/v2\/posts\/6530\/revisions"}],"wp:featuredmedia":[{"embeddable":true,"href":"https:\/\/tz-hall.de\/index.php\/wp-json\/wp\/v2\/media\/6532"}],"wp:attachment":[{"href":"https:\/\/tz-hall.de\/index.php\/wp-json\/wp\/v2\/media?parent=6530"}],"wp:term":[{"taxonomy":"category","embeddable":true,"href":"https:\/\/tz-hall.de\/index.php\/wp-json\/wp\/v2\/categories?post=6530"},{"taxonomy":"post_tag","embeddable":true,"href":"https:\/\/tz-hall.de\/index.php\/wp-json\/wp\/v2\/tags?post=6530"}],"curies":[{"name":"wp","href":"https:\/\/api.w.org\/{rel}","templated":true}]}}