{"id":2049,"date":"2021-07-14T11:27:39","date_gmt":"2021-07-14T09:27:39","guid":{"rendered":"http:\/\/tezet-hall.de\/?p=2049"},"modified":"2021-07-14T11:27:39","modified_gmt":"2021-07-14T09:27:39","slug":"ihk-gruendersprechtag-fuer-existenzgruender","status":"publish","type":"post","link":"https:\/\/tz-hall.de\/index.php\/2021\/07\/14\/ihk-gruendersprechtag-fuer-existenzgruender\/","title":{"rendered":"IHK-Gr\u00fcndersprechtag f\u00fcr Existenzgr\u00fcnder im Haupt- und Nebenerwerb"},"content":{"rendered":"<p>Sie m\u00f6chten Ihre Gesch\u00e4ftsidee im Haupterwerb oder Nebenerwerb verfolgen? Sie haben Fragen zum Thema Existenzgr\u00fcndung? In Einzelgespr\u00e4chen er\u00f6rtern die IHK-Existenzgr\u00fcndungsberater Detailfragen zusammen mit dem Existenzgr\u00fcnder und zeigen die weitere Vorgehensweise auf. Gemeinsam mit der Wirtschaftsf\u00f6rderung INDIVIDUELL f\u00fchrt die IHK Heilbronn-Franken den Gr\u00fcndersprechtag einmal im Quartal durch. Der IHK-Gr\u00fcndersprechtag ist kostenfrei und wird digital durchgef\u00fchrt.<\/p>\n<p><strong>Weitere Informationen und Anmeldung unter: 07131 9677-301<\/strong><\/p>\n<p>Link zur IHK-Webseite: <a href=\"https:\/\/www.ihk.de\/heilbronn-franken\/produktmarken\/existenzgruendung\/existenzgruendung2\/beratung-sprechtage\/ihk-gruendersprechtag-4816192\" target=\"_blank\" rel=\"noopener\">Termine zum IHK Gr\u00fcndersprechtag<\/a><\/p>\n\n<p><img fetchpriority=\"high\" decoding=\"async\" class=\"alignnone size-full wp-image-4644\" src=\"https:\/\/tz-hall.de\/wp-content\/uploads\/2021\/07\/IHK_21_7068_Banner_15zu6_PV2.jpg\" alt=\"\" width=\"1300\" height=\"600\" srcset=\"https:\/\/tz-hall.de\/wp-content\/uploads\/2021\/07\/IHK_21_7068_Banner_15zu6_PV2.jpg 1300w, https:\/\/tz-hall.de\/wp-content\/uploads\/2021\/07\/IHK_21_7068_Banner_15zu6_PV2-300x138.jpg 300w, https:\/\/tz-hall.de\/wp-content\/uploads\/2021\/07\/IHK_21_7068_Banner_15zu6_PV2-1024x473.jpg 1024w, https:\/\/tz-hall.de\/wp-content\/uploads\/2021\/07\/IHK_21_7068_Banner_15zu6_PV2-768x354.jpg 768w\" sizes=\"(max-width: 1300px) 100vw, 1300px\" \/><\/p>","protected":false},"excerpt":{"rendered":"<p>Sie m\u00f6chten Ihre Gesch\u00e4ftsidee im Haupterwerb oder Nebenerwerb verfolgen? <\/p>\n","protected":false},"author":1,"featured_media":2215,"comment_status":"closed","ping_status":"open","sticky":false,"template":"","format":"standard","meta":{"footnotes":""},"categories":[1,22],"tags":[],"class_list":["post-2049","post","type-post","status-publish","format-standard","has-post-thumbnail","hentry","category-allgemein","category-hdw-news"],"_links":{"self":[{"href":"https:\/\/tz-hall.de\/index.php\/wp-json\/wp\/v2\/posts\/2049","targetHints":{"allow":["GET"]}}],"collection":[{"href":"https:\/\/tz-hall.de\/index.php\/wp-json\/wp\/v2\/posts"}],"about":[{"href":"https:\/\/tz-hall.de\/index.php\/wp-json\/wp\/v2\/types\/post"}],"author":[{"embeddable":true,"href":"https:\/\/tz-hall.de\/index.php\/wp-json\/wp\/v2\/users\/1"}],"replies":[{"embeddable":true,"href":"https:\/\/tz-hall.de\/index.php\/wp-json\/wp\/v2\/comments?post=2049"}],"version-history":[{"count":0,"href":"https:\/\/tz-hall.de\/index.php\/wp-json\/wp\/v2\/posts\/2049\/revisions"}],"wp:featuredmedia":[{"embeddable":true,"href":"https:\/\/tz-hall.de\/index.php\/wp-json\/wp\/v2\/media\/2215"}],"wp:attachment":[{"href":"https:\/\/tz-hall.de\/index.php\/wp-json\/wp\/v2\/media?parent=2049"}],"wp:term":[{"taxonomy":"category","embeddable":true,"href":"https:\/\/tz-hall.de\/index.php\/wp-json\/wp\/v2\/categories?post=2049"},{"taxonomy":"post_tag","embeddable":true,"href":"https:\/\/tz-hall.de\/index.php\/wp-json\/wp\/v2\/tags?post=2049"}],"curies":[{"name":"wp","href":"https:\/\/api.w.org\/{rel}","templated":true}]}}